{"id":413,"date":"2022-06-02T14:52:25","date_gmt":"2022-06-02T12:52:25","guid":{"rendered":"http:\/\/participa.iesrayuela.com\/diezpasos\/?p=413"},"modified":"2022-06-02T14:57:54","modified_gmt":"2022-06-02T12:57:54","slug":"la-primavera-ha-llegado","status":"publish","type":"post","link":"http:\/\/participa.iesrayuela.com\/diezpasos\/2022\/06\/02\/la-primavera-ha-llegado\/","title":{"rendered":"La primavera ha llegado"},"content":{"rendered":"\n<p>Est\u00e1 claro que muchos consideran la primavera como una simple estaci\u00f3n m\u00e1s, otros que es lo peor del a\u00f1o porque tienen alergia al polen; y despu\u00e9s est\u00e1 la gente a la que la primavera le gusta, a los que les gusta sentir ese aroma a flores en cualquier sitio, los cerezos preciosos\u2026 En fin, pero hoy no os vengo a hablar de la primavera sino sobre las curiosidades de esta bonita estaci\u00f3n (no tan bonita para algunos).<\/p>\n\n\n\n<p>\u00a0\u00a0\u00a0\u00a0\u00a0La primavera es una de las cuatro estaciones que tenemos. Este a\u00f1o empez\u00f3 la primavera el 20 de marzo y acabar\u00e1 el 21 de junio, aunque os preguntar\u00e9is por qu\u00e9 hablo ahora sobre la primavera si empez\u00f3 hace dos meses, pero seamos sincero, en marzo no parec\u00eda que fuese primavera, incluso el 2 de mayo hubo un granizo (en M\u00f3stoles),  as\u00ed que ahora que hace buen tiempo y casi todos vamos en camiseta y pantal\u00f3n corto,escribo esto.<\/p>\n\n\n\n<p>\u00a0\u00a0\u00a0\u00a0\u00a0Para los romanos tan solo hab\u00eda dos estaciones, una m\u00e1s breve y otra m\u00e1s larga. La m\u00e1s prolongada inclu\u00eda las actuales primavera, verano y oto\u00f1o y la m\u00e1s breve, el invierno.A la primavera pas\u00f3 a llam\u00e1rsele <em>primo vere<\/em> (primer verano)y posteriormente evolucion\u00f3 en prim-avera hasta quedar en nuestro actual t\u00e9rmino primavera.<\/p>\n\n\n\n<p>\u00a0\u00a0\u00a0\u00a0\u00a0No en todos lados hay primavera. Las estaciones del a\u00f1o se deben a la inclinaci\u00f3n del eje de la Tierra y no a la distancia que est\u00e1 el planeta del sol; de este modo la primavera no la tienen todos los pa\u00edses,s\u00f3lo en aquellas zonas que resultan m\u00e1s templadas. En cambio, en aquellas zonas cercanas al ecuador del planeta no existen las estaciones, el tiempo es m\u00e1s o menos similar durante todo el a\u00f1o. En lo que s\u00ed se diferencia la climatolog\u00eda es en estaci\u00f3n seca y estaci\u00f3n h\u00fameda.<\/p>\n\n\n\n<h2 class=\"wp-block-heading\">&nbsp;&nbsp;&nbsp;&nbsp;&nbsp;&nbsp;&nbsp;Los p\u00e1jaros cantan m\u00e1s en primavera<\/h2>\n\n\n\n<p>Y no es solo porque a ellos tambi\u00e9n les da alegr\u00eda la luz del sol como a muchos de nosotros y el alza de las temperaturas, sino porque les afecta la luz al hipot\u00e1lamo, que es\u00a0 un \u00e1rea del cerebro sensible a la luz  y relacionada con el sue\u00f1o, el hambre y el deseo sexual. Por eso, cuando comienza la primavera, las aves saben que es tiempo de buscar pareja para procrear.<img loading=\"lazy\" decoding=\"async\" width=\"83\" height=\"83\" src=\"https:\/\/lh6.googleusercontent.com\/qe_xCuSoS3U3AE1e0XxJIQnys-xbzB9OJ1erfrfTrlWG_D4ofjiOfvnolbnvK80hSAaoqaW7TspE2sBo5h43tnLMaZSdfyNhT5lkd1qStpOgZSq_Is87ddwTmEFnj4i_KUPA42RC5X2RWiOcww\"><\/p>\n\n\n\n<h2 class=\"wp-block-heading\">&nbsp;&nbsp;&nbsp;&nbsp;&nbsp;&nbsp;&nbsp;&nbsp;Es el momento de las abejas reina<\/h2>\n\n\n\n<p>Las abejas, fundamentales para nuestra supervivencia, los primeros d\u00edas de marzo, los m\u00e1s c\u00e1lidos,  comienzan a salir. Eso significa que han sobrevivido al invierno y es el momento de buscar n\u00e9ctar y polen de las flores para realizar su tan importante trabajo,la creaci\u00f3n de la miel,con la que acompa\u00f1amos nuestros postres u otros platos.<img loading=\"lazy\" decoding=\"async\" width=\"124\" height=\"124\" src=\"https:\/\/lh3.googleusercontent.com\/eTLc9_Lq4vJ3Sx8yC1yxS0FS334J73LTpk1vuLtNMxzIfu6EJkPSk5oy7cxR1EVXNN9IS2K-DW5Ndiwp8B6Uiotqq6sVSCaQ7snLuTXKRIfu3WMsCAvhW-6HMTxj9on6X_m7SZEK7h_a5_ObvQ\"><img loading=\"lazy\" decoding=\"async\" width=\"96\" height=\"96\" src=\"https:\/\/lh5.googleusercontent.com\/ia4obconT2bwAb2svCUBvgFAaNpwjxgKRVRNkjecAez1aRkYsrk0fiK1p-DZpuxqfiNyCaxDPQWWQVEQFLb_NZwMozdZ-vCmNkY9CSgr8-LWc6vseMFLySjK5Dhem1YV98cbRZaJERsFa87gpg\"><\/p>\n\n\n\n<p class=\"has-large-font-size\"><strong>Paleta de colores para esta primavera\u00a0<\/strong><\/p>\n\n\n\n<p>Esto no es tanto un dato curioso, pero es verdad que hay mucha gente a la que le gusta vestir acorde con la estaci\u00f3n.Los colores que se est\u00e1n llevando en esta primavera 2022 son:<\/p>\n\n\n\n<p>-El amarillo parchment<\/p>\n\n\n\n<p>-Azul Bridgerton&nbsp;<\/p>\n\n\n\n<p>-Verde menta<\/p>\n\n\n\n<p>-Rosa empolvado<\/p>\n\n\n\n<p>\u00a0<img loading=\"lazy\" decoding=\"async\" width=\"66\" height=\"57\" src=\"https:\/\/lh5.googleusercontent.com\/C-dYjBLYT58WeMAiaYNqcNG1OxAnwHKonoDSbya2enP1d8gCdo03CVr2mD3x5LLSZqugf5vR-wAp66lXkCCro1PsQlH0EbRkAVfOEKcQySNsMlb_kl6Kx5SvKjXzdj5A9CmGPywTU6GdZyF8hQ\"><img loading=\"lazy\" decoding=\"async\" width=\"66\" height=\"57\" src=\"https:\/\/lh4.googleusercontent.com\/VQMjuiqCq4AcPo7hkaw6Zj32oaSo91f8wcesENDP3MpiSDwq8I2AT4Fx_K-Q7rdF15ebN8YQQQbydeHz3oY96q6fxbPX3AGKquXsyB-4UAuLLtwmLczBwdhobJ4VC_DMQYyFlDuCLeUb_Wsy8A\"><img loading=\"lazy\" decoding=\"async\" width=\"75\" height=\"57\" src=\"https:\/\/lh4.googleusercontent.com\/oLzmcWrHnLaRrO02TzvGv9FDv3huz2n7abiMUkrP9ZSqRlchssZ_pN4gEEPu9PLEAnLbA2msanPq9_b3fkpG47M4KiMMi-gV0JPEPOo44YO9VX2fLrClnDrJz8o-qxrU5z2PozzSMd-Y85Ph4w\"><img loading=\"lazy\" decoding=\"async\" width=\"66\" height=\"57\" src=\"https:\/\/lh4.googleusercontent.com\/--JoM7XpIrQNpmH0MYlOpqV20oqiUPhOjbyYJf31IpvsGru15Df6Hrt8MAO232W7pj06O3rT6k9mHQp2cferhD2to3uAVhAcjGI47bTa0CNu2pXNCr04x9U0sNMZX0bEbxZuoBQMxIzEGeN_yw\"><\/p>\n\n\n\n<p>(est\u00e1n en el orden nombrado)<\/p>\n\n\n\n<p><strong>Iv\u00f3n Dimitrova<\/strong> 1A-ESO<\/p>\n","protected":false},"excerpt":{"rendered":"<p>Est\u00e1 claro que muchos consideran la primavera como una simple estaci\u00f3n m\u00e1s, otros que es&#8230;<\/p>\n","protected":false},"author":9,"featured_media":415,"comment_status":"open","ping_status":"open","sticky":false,"template":"","format":"standard","meta":{"footnotes":""},"categories":[6],"tags":[110,118],"class_list":["post-413","post","type-post","status-publish","format-standard","has-post-thumbnail","hentry","category-reportajes","tag-curiosidades","tag-primavera"],"jetpack_featured_media_url":"http:\/\/participa.iesrayuela.com\/diezpasos\/files\/2022\/06\/mariposa.png","_links":{"self":[{"href":"http:\/\/participa.iesrayuela.com\/diezpasos\/wp-json\/wp\/v2\/posts\/413","targetHints":{"allow":["GET"]}}],"collection":[{"href":"http:\/\/participa.iesrayuela.com\/diezpasos\/wp-json\/wp\/v2\/posts"}],"about":[{"href":"http:\/\/participa.iesrayuela.com\/diezpasos\/wp-json\/wp\/v2\/types\/post"}],"author":[{"embeddable":true,"href":"http:\/\/participa.iesrayuela.com\/diezpasos\/wp-json\/wp\/v2\/users\/9"}],"replies":[{"embeddable":true,"href":"http:\/\/participa.iesrayuela.com\/diezpasos\/wp-json\/wp\/v2\/comments?post=413"}],"version-history":[{"count":1,"href":"http:\/\/participa.iesrayuela.com\/diezpasos\/wp-json\/wp\/v2\/posts\/413\/revisions"}],"predecessor-version":[{"id":414,"href":"http:\/\/participa.iesrayuela.com\/diezpasos\/wp-json\/wp\/v2\/posts\/413\/revisions\/414"}],"wp:featuredmedia":[{"embeddable":true,"href":"http:\/\/participa.iesrayuela.com\/diezpasos\/wp-json\/wp\/v2\/media\/415"}],"wp:attachment":[{"href":"http:\/\/participa.iesrayuela.com\/diezpasos\/wp-json\/wp\/v2\/media?parent=413"}],"wp:term":[{"taxonomy":"category","embeddable":true,"href":"http:\/\/participa.iesrayuela.com\/diezpasos\/wp-json\/wp\/v2\/categories?post=413"},{"taxonomy":"post_tag","embeddable":true,"href":"http:\/\/participa.iesrayuela.com\/diezpasos\/wp-json\/wp\/v2\/tags?post=413"}],"curies":[{"name":"wp","href":"https:\/\/api.w.org\/{rel}","templated":true}]}}